{"viewingHint":"paged","service":[{"profile":"http://iiif.io/api/search/1/search","@context":"http://iiif.io/api/search/1/context.json","@id":"https://forschung.tmw.at/i3f/manifest/14921/search","label":"Search within this manifest"}],"structures":[{"ranges":["https://forschung.tmw.at/i3f/v20/14921/range/14922","https://forschung.tmw.at/i3f/v20/14921/range/14931","https://forschung.tmw.at/i3f/v20/14921/range/14930","https://forschung.tmw.at/i3f/v20/14921/range/14949"],"viewingHint":"top","@id":"https://forschung.tmw.at/i3f/v20/14921/range/14921","@type":"sc:Range","label":"Table of Contents"},{"canvases":["https://forschung.tmw.at/i3f/v20/14921/canvas/42422"],"@id":"https://forschung.tmw.at/i3f/v20/14921/range/14922","@type":"sc:Range","label":"BIBL-WA78-1: Amtlicher Bericht \u00fcber die Wiener Weltausstellung im Jahre 1873 : Erster Band"},{"canvases":["https://forschung.tmw.at/i3f/v20/14921/canvas/42423"],"@id":"https://forschung.tmw.at/i3f/v20/14921/range/14931","@type":"sc:Range","label":"BIBL-WA78-2: Amtlicher Bericht \u00fcber die Wiener Weltausstellung im Jahre 1873 : Dritter Band, Erste Abtheilung, Erste H\u00e4lfte"},{"canvases":["https://forschung.tmw.at/i3f/v20/14921/canvas/42424"],"@id":"https://forschung.tmw.at/i3f/v20/14921/range/14930","@type":"sc:Range","label":"BIBL-WA78-3: Amtlicher Bericht \u00fcber die Wiener Weltausstellung im Jahre 1873 : Dritter Band, Erste Abtheilung, Zweite H\u00e4lfte"},{"canvases":["https://forschung.tmw.at/i3f/v20/14921/canvas/42425"],"@id":"https://forschung.tmw.at/i3f/v20/14921/range/14949","@type":"sc:Range","label":"BIBL-WA78-3: Amtlicher Bericht \u00fcber die Wiener Weltausstellung im Jahre 1873 : Dritter Band, Zweite Abtheilung"}],"sequences":[{"canvases":[{"height":3317,"width":2113,"images":[{"resource":{"service":{"profile":"http://iiif.io/api/image/2/level2.json","@context":"http://iiif.io/api/image/2/context.json","@id":"https://forschung.tmw.at/i3f/v20/42422"},"format":"image/jpeg","height":1569,"width":1000,"@id":"https://forschung.tmw.at/download/webcache/1000/42422","@type":"dctypes:Image"},"on":"https://forschung.tmw.at/i3f/v20/14921/canvas/42422","motivation":"sc:painting","@id":"https://forschung.tmw.at/i3f/v20/14921/annotation/42422","@type":"oa:Annotation"}],"label":"[1]","@id":"https://forschung.tmw.at/i3f/v20/14921/canvas/42422","@type":"sc:Canvas"},{"height":3317,"width":2132,"images":[{"resource":{"service":{"profile":"http://iiif.io/api/image/2/level2.json","@context":"http://iiif.io/api/image/2/context.json","@id":"https://forschung.tmw.at/i3f/v20/42423"},"format":"image/jpeg","height":1555,"width":1000,"@id":"https://forschung.tmw.at/download/webcache/1000/42423","@type":"dctypes:Image"},"on":"https://forschung.tmw.at/i3f/v20/14921/canvas/42423","motivation":"sc:painting","@id":"https://forschung.tmw.at/i3f/v20/14921/annotation/42423","@type":"oa:Annotation"}],"label":"[2]","@id":"https://forschung.tmw.at/i3f/v20/14921/canvas/42423","@type":"sc:Canvas"},{"height":3330,"width":2126,"images":[{"resource":{"service":{"profile":"http://iiif.io/api/image/2/level2.json","@context":"http://iiif.io/api/image/2/context.json","@id":"https://forschung.tmw.at/i3f/v20/42424"},"format":"image/jpeg","height":1566,"width":1000,"@id":"https://forschung.tmw.at/download/webcache/1000/42424","@type":"dctypes:Image"},"on":"https://forschung.tmw.at/i3f/v20/14921/canvas/42424","motivation":"sc:painting","@id":"https://forschung.tmw.at/i3f/v20/14921/annotation/42424","@type":"oa:Annotation"}],"label":"[3]","@id":"https://forschung.tmw.at/i3f/v20/14921/canvas/42424","@type":"sc:Canvas"},{"height":3317,"width":2072,"images":[{"resource":{"service":{"profile":"http://iiif.io/api/image/2/level2.json","@context":"http://iiif.io/api/image/2/context.json","@id":"https://forschung.tmw.at/i3f/v20/42425"},"format":"image/jpeg","height":1600,"width":1000,"@id":"https://forschung.tmw.at/download/webcache/1000/42425","@type":"dctypes:Image"},"on":"https://forschung.tmw.at/i3f/v20/14921/canvas/42425","motivation":"sc:painting","@id":"https://forschung.tmw.at/i3f/v20/14921/annotation/42425","@type":"oa:Annotation"}],"label":"[4]","@id":"https://forschung.tmw.at/i3f/v20/14921/canvas/42425","@type":"sc:Canvas"}],"viewingHint":"paged","startCanvas":"https://forschung.tmw.at/i3f/v20/14921/canvas/42422","viewingDirection":"left-to-right","label":"Current Page Order","@context":"http://iiif.io/api/presentation/2/context.json","@id":"https://forschung.tmw.at/i3f/v20/14921/sequence/normal","@type":"sc:Sequence"}],"label":"Amtlicher Bericht \u00fcber die Wiener Weltausstellung im Jahre 1873 : in drei B\u00e4nden","thumbnail":{"width":304,"height":477,"@id":"https://forschung.tmw.at/i3f/v21/42422/full/304/0/default.jpg","@type":"dctypes:Image","format":"image/jpeg"},"logo":{"@id":"https://forschung.tmw.at/domainresource/static/graphics/connectors/viewerLogo.gif","service":{"profile":"http://iiif.io/api/image/2/level2.json","@context":"http://iiif.io/api/image/2/context.json","@id":""}},"@context":"http://iiif.io/api/presentation/2/context.json","seeAlso":{"format":"application/xml","@id":"https://forschung.tmw.at/oai?verb=GetRecord&metadataPrefix=mets&identifier=14921","label":"METS"},"@id":"https://forschung.tmw.at/i3f/v20/14921/manifest","@type":"sc:Manifest","metadata":[{"value":"Amtlicher Bericht \u00fcber die Wiener Weltausstellung im Jahre 1873 : in drei B\u00e4nden / erstattet von der Centralcommission des Deutschen Reiches f\u00fcr die Wiener Weltausstellung","label":"Titel"},{"value":"Deutsches Reich. Centralcommission f\u00fcr die Wiener Weltausstellung","label":"Herausgeber_in"},{"value":"Braunschweig : Friedrich Vieweg und Sohn","label":"Erschienen"},{"value":"Gesamtaufnahme ; Weltausstellung","label":"Objektbezeichnung"},{"value":"Weltausstellung Wien 1873","label":"Schlagw\u00f6rter"}]}